{"id":5341,"date":"2021-06-11T13:38:32","date_gmt":"2021-06-11T10:38:32","guid":{"rendered":"https:\/\/www.paribu.com\/blog\/?p=5341"},"modified":"2022-10-26T11:15:25","modified_gmt":"2022-10-26T08:15:25","slug":"olimpiyat-yolundaki-yarinin-takimi-team-paribu-womens-fitness-haziran-sayisinda","status":"publish","type":"post","link":"https:\/\/www.paribu.com\/blog\/haberler\/olimpiyat-yolundaki-yarinin-takimi-team-paribu-womens-fitness-haziran-sayisinda\/","title":{"rendered":"Olimpiyat yolundaki &#8220;yar\u0131n\u0131n tak\u0131m\u0131&#8221; Team Paribu, Women\u2019s Fitness Haziran say\u0131s\u0131nda"},"content":{"rendered":"<p><strong>Tokyo Olimpiyatlar&#305;&rsquo;nda &uuml;lkemizi temsil edecek olan Team Paribu, Women&rsquo;s Fitness dergisinde s&uuml;re&ccedil; ile ilgili duygu ve d&uuml;&#351;&uuml;ncelerini payla&#351;t&#305;.<\/strong><\/p>\n<p>Milli voleybol tak&#305;m&#305; kaptan&#305; Eda Erdem, milli artistik jimnastik&ccedil;i Ahmet &Ouml;nder, basketbol oyuncusu Serta&ccedil; &#350;anl&#305;, kelebek stil milli y&uuml;z&uuml;c&uuml; Nida Eliz &Uuml;st&uuml;nda&#287;, milli atlet Berfe Sancak, r&uuml;zgar s&ouml;rf&ccedil;&uuml;s&uuml; Dilara Uralp ve modern pentalet olarak olimpiyatlarda ilk kez yer alacak olan &#304;lke &Ouml;zy&uuml;ksel&rsquo;den olu&#351;an Team Paribu, &uuml;lkemizi 2020 Tokyo Olimpiyatlar&#305;&rsquo;nda Paribu deste&#287;iyle temsil edecek.<\/p>\n<h3>&#304;lham veren ba&#351;ar&#305; hik&acirc;yeleri<\/h3>\n<p>Ahmet &Ouml;nder, Berfe Sancak, Dilara Uralp, &#304;lke &Ouml;zy&uuml;ksel, Nida Eliz &Uuml;st&uuml;nda&#287; ve Serta&ccedil; &#350;anl&#305; kariyerlerindeki ba&#351;ar&#305; &ouml;yk&uuml;lerini payla&#351;&#305;rken bir yandan Tokyo Olimpiyatlar&#305;&rsquo;nda &uuml;lkemizi temsil edecek olman&#305;n gururunu ta&#351;&#305;d&#305;klar&#305;n&#305; dile getirdiler.<\/p>\n<p>Olduk&ccedil;a yo&#287;un bir programda &ccedil;al&#305;&#351;an sporcular, olimpiyatlar i&ccedil;in umutlu ve haz&#305;r hissettiklerini dile getirdiler. Ayr&#305;ca, Paribu deste&#287;i ile yola &ccedil;&#305;k&#305;yor olmaktan da mutlu oldu&#287;unu belirten ekip, bu birlikteli&#287;in &ouml;nc&uuml; bir hareket oldu&#287;unun da alt&#305;n&#305; &ccedil;izdi.<\/p>\n<h3>Yar&#305;n&#305;n D&uuml;nyas&#305;&rsquo;nda gelece&#287;in sporcular&#305;<\/h3>\n<p>Paribu CEO&rsquo;su Yasin Oral, Team Paribu&rsquo;yu anlat&#305;rken &uuml;lkemizdeki ba&#351;ar&#305;l&#305; sporcular&#305;n maddi ve manevi engellerle kar&#351;&#305;la&#351;mas&#305;n&#305;n &ouml;n&uuml;ne ge&ccedil;mek i&ccedil;in destek verdiklerini dile getirdi. &Ouml;zellikle bireysel spor dallar&#305;nda faaliyet g&ouml;steren sporcular&#305;n yan&#305;nda olmaya &ouml;zen g&ouml;stermekle birlikte pek &ccedil;ok dezavantajla kar&#351;&#305;la&#351;an kad&#305;n sporcular&#305;n yan&#305;nda yer al&#305;p bu dezavatanjlar&#305; ortadan kald&#305;rmak i&ccedil;in de hassas davrand&#305;klar&#305;n&#305; belirtti.<\/p>\n<p>Paribu olarak olimpiyatlardan sonra da sporculara destek vermeye devam edeceklerini s&ouml;yleyen Oral, &ldquo;Yar&#305;n&#305;n D&uuml;nyas&#305;&rsquo;n&#305; in&#351;a ederken gelece&#287;in sporcular&#305;n&#305;n yeti&#351;mesini destekleyece&#287;iz&rdquo; dedi.<\/p>\n<p>R&ouml;portaj&#305;n tamam&#305;n&#305; Women&rsquo;s Fitness dergisinin Haziran say&#305;s&#305;nda okuyabilirsiniz.<\/p>\n","protected":false},"excerpt":{"rendered":"<p>Tokyo Olimpiyatlar&#305;&rsquo;nda &uuml;lkemizi temsil edecek olan Team Paribu, Women&rsquo;s Fitness dergisinde s&uuml;re&ccedil; ile ilgili duygu ve d&uuml;&#351;&uuml;ncelerini payla&#351;t&#305;.<\/p>\n","protected":false},"author":1,"featured_media":5346,"comment_status":"closed","ping_status":"closed","sticky":false,"template":"","format":"standard","meta":{"footnotes":""},"categories":[18],"tags":[],"class_list":["post-5341","post","type-post","status-publish","format-standard","has-post-thumbnail","hentry","category-haberler"],"_links":{"self":[{"href":"https:\/\/www.paribu.com\/blog\/wp-json\/wp\/v2\/posts\/5341","targetHints":{"allow":["GET"]}}],"collection":[{"href":"https:\/\/www.paribu.com\/blog\/wp-json\/wp\/v2\/posts"}],"about":[{"href":"https:\/\/www.paribu.com\/blog\/wp-json\/wp\/v2\/types\/post"}],"author":[{"embeddable":true,"href":"https:\/\/www.paribu.com\/blog\/wp-json\/wp\/v2\/users\/1"}],"replies":[{"embeddable":true,"href":"https:\/\/www.paribu.com\/blog\/wp-json\/wp\/v2\/comments?post=5341"}],"version-history":[{"count":0,"href":"https:\/\/www.paribu.com\/blog\/wp-json\/wp\/v2\/posts\/5341\/revisions"}],"wp:featuredmedia":[{"embeddable":true,"href":"https:\/\/www.paribu.com\/blog\/wp-json\/wp\/v2\/media\/5346"}],"wp:attachment":[{"href":"https:\/\/www.paribu.com\/blog\/wp-json\/wp\/v2\/media?parent=5341"}],"wp:term":[{"taxonomy":"category","embeddable":true,"href":"https:\/\/www.paribu.com\/blog\/wp-json\/wp\/v2\/categories?post=5341"},{"taxonomy":"post_tag","embeddable":true,"href":"https:\/\/www.paribu.com\/blog\/wp-json\/wp\/v2\/tags?post=5341"}],"curies":[{"name":"wp","href":"https:\/\/api.w.org\/{rel}","templated":true}]}}