{"id":4663,"date":"2021-04-16T16:49:50","date_gmt":"2021-04-16T13:49:50","guid":{"rendered":"https:\/\/www.paribu.com\/blog\/?p=4663"},"modified":"2025-07-11T11:18:42","modified_gmt":"2025-07-11T08:18:42","slug":"tum-zamanlarin-en-yuksegine-mehmet-demirkol-konuk-oldu-turk-futbolu-nasil-kurtulur-taraftar-token-nedir","status":"publish","type":"post","link":"https:\/\/www.paribu.com\/blog\/haberler\/tum-zamanlarin-en-yuksegine-mehmet-demirkol-konuk-oldu-turk-futbolu-nasil-kurtulur-taraftar-token-nedir\/","title":{"rendered":"T\u00fcm Zamanlar\u0131n En Y\u00fckse\u011fi&#8217;ne Mehmet Demirkol konuk oldu | T\u00fcrk futbolu nas\u0131l kurtulur? Taraftar token nedir?"},"content":{"rendered":"<p><strong>&#304;smail Hakk&#305; Polat ve Mert F&#305;rat, Paribu sponsorlu&#287;unda d&uuml;zenlenen &ldquo;T&uuml;m Zamanlar&#305;n En Y&uuml;kse&#287;i&rdquo; podcast serisi i&ccedil;in &uuml;&ccedil;&uuml;nc&uuml; kez kayda girdi. Bu b&ouml;l&uuml;m&uuml;n konu&#287;u ise, spor yazar&#305; ve yorumcusu Mehmet Demirkol oldu.<\/strong><\/p>\n<p>Program&#305;n ba&#351;&#305;nda Mert F&#305;rat&rsquo;tan Demirkol&rsquo;a gelen soru, t&uuml;m sohbetin ak&#305;&#351;&#305;na y&ouml;n verdi: &ldquo;T&uuml;rk futbolu nas&#305;l kurtulur?&rdquo;<\/p>\n<p>Demirkol, &ldquo;T&uuml;rk futbolu bir balon, yani s&uuml;bvansiyonlarla ya&#351;&#305;yor, bir ger&ccedil;ekli&#287;i yok&rdquo; &#351;eklinde bir a&ccedil;&#305;klama yapt&#305;. T&uuml;rkiye&rsquo;ye art&#305;k Alex gibi y&#305;ld&#305;z isimlerin gen&ccedil; ya&#351;ta gelmesinin m&uuml;mk&uuml;n olmad&#305;&#287;&#305;n&#305; ifade eden Mehmet Demirkol, Avrupa futboluyla aradaki makas&#305;n a&ccedil;&#305;ld&#305;&#287;&#305;n&#305; belirtti.<\/p>\n<p>T&uuml;rkiye&rsquo;de &ccedil;ok fazla teknik direkt&ouml;r de&#287;i&#351;ikli&#287;i oldu&#287;unu da vurgulayan Demirkol bu durumun gen&ccedil; futbolcular&#305;n yeti&#351;mesini engelledi&#287;ini s&ouml;yledi.<\/p>\n<h3><strong><span class=\"\" title=\"Paribu S&ouml;zl&uuml;k: Fan token (taraftar token'&#305;) nedir?\" data-mobile-support=\"0\" data-gt-translate-attributes='[{\"attribute\":\"data-cmtooltip\", \"format\":\"html\"}]' tabindex=\"0\" role=\"link\">Taraftar <span class=\"\" title=\"Paribu S&ouml;zl&uuml;k: Token nedir?\" data-mobile-support=\"0\" data-gt-translate-attributes='[{\"attribute\":\"data-cmtooltip\", \"format\":\"html\"}]' tabindex=\"0\" role=\"link\">token<\/span><\/span>&rsquo;lar kul&uuml;plere ek gelir sa&#287;l&#305;yor<\/strong><\/h3>\n<p>&#304;smail Hakk&#305; Polat, Mert F&#305;rat&rsquo;&#305;n sorusu &uuml;zerine taraftar token&rsquo;lar&#305;n&#305;n kul&uuml;plere olan etkisini anlatt&#305;. Polat, taraftar token&rsquo;lar&#305;n&#305;n kul&uuml;plere ek gelir sa&#287;lad&#305;&#287;&#305;n&#305; ve kar&#351;&#305;l&#305;&#287;&#305;nda ki&#351;ilere oy hakk&#305; verdi&#287;ini dile getirdi. Taraftar token sahibi olan kullan&#305;c&#305;lar&#305;n bu yolla tak&#305;mlar&#305;na destek verdi&#287;ini belirten Polat, ayn&#305; zamanda kul&uuml;p kararlar&#305;nda s&ouml;z sahibi olabildi&#287;inin alt&#305;n&#305; &ccedil;izdi. Polat, &ldquo;&Ouml;rne&#287;in <a href=\"https:\/\/www.paribu.com\/markets\/gal_tl\">Galatasaray<\/a>, T&uuml;rkiye&rsquo;de ilk defa anla&#351;may&#305; yapt&#305;, May&#305;s ve Haziran&rsquo;daki arzdan elde etti&#287;i parayla futbolcular&#305;n alacaklar&#305;n&#305; &ouml;dedi&rdquo; dedi.<\/p>\n<p><span class=\"\" title=\"Paribu S&ouml;zl&uuml;k: Blokzincir (blockchain) nedir?\" data-mobile-support=\"0\" data-gt-translate-attributes='[{\"attribute\":\"data-cmtooltip\", \"format\":\"html\"}]' tabindex=\"0\" role=\"link\">Blokzincir<\/span> teknolojisi ile spor d&uuml;nyas&#305;n&#305;n bulu&#351;mas&#305;ndan do&#287;an yeniliklerden, T&uuml;rk futboluna kadar uzanan sohbetin tamam&#305;n&#305; a&#351;a&#287;&#305;dan izleyebilirsiniz.<\/p>\n<p><iframe title=\"YouTube video player\" src=\"https:\/\/www.youtube.com\/embed\/wuA61mvXuic\" width=\"560\" height=\"315\" frameborder=\"0\" allowfullscreen=\"allowfullscreen\"><\/iframe><\/p>\n","protected":false},"excerpt":{"rendered":"<p>&#304;smail Hakk&#305; Polat ve Mert F&#305;rat, Paribu sponsorlu&#287;unda d&uuml;zenlenen &ldquo;T&uuml;m Zamanlar&#305;n En Y&uuml;kse&#287;i&rdquo; podcast serisi i&ccedil;in &uuml;&ccedil;&uuml;nc&uuml; kez kayda girdi. Bu b&ouml;l&uuml;m&uuml;n konu&#287;u ise, spor yazar&#305; ve yorumcusu Mehmet Demirkol oldu.<\/p>\n","protected":false},"author":1,"featured_media":4664,"comment_status":"closed","ping_status":"closed","sticky":false,"template":"","format":"standard","meta":{"footnotes":""},"categories":[18],"tags":[],"class_list":["post-4663","post","type-post","status-publish","format-standard","has-post-thumbnail","hentry","category-haberler"],"_links":{"self":[{"href":"https:\/\/www.paribu.com\/blog\/wp-json\/wp\/v2\/posts\/4663","targetHints":{"allow":["GET"]}}],"collection":[{"href":"https:\/\/www.paribu.com\/blog\/wp-json\/wp\/v2\/posts"}],"about":[{"href":"https:\/\/www.paribu.com\/blog\/wp-json\/wp\/v2\/types\/post"}],"author":[{"embeddable":true,"href":"https:\/\/www.paribu.com\/blog\/wp-json\/wp\/v2\/users\/1"}],"replies":[{"embeddable":true,"href":"https:\/\/www.paribu.com\/blog\/wp-json\/wp\/v2\/comments?post=4663"}],"version-history":[{"count":0,"href":"https:\/\/www.paribu.com\/blog\/wp-json\/wp\/v2\/posts\/4663\/revisions"}],"wp:featuredmedia":[{"embeddable":true,"href":"https:\/\/www.paribu.com\/blog\/wp-json\/wp\/v2\/media\/4664"}],"wp:attachment":[{"href":"https:\/\/www.paribu.com\/blog\/wp-json\/wp\/v2\/media?parent=4663"}],"wp:term":[{"taxonomy":"category","embeddable":true,"href":"https:\/\/www.paribu.com\/blog\/wp-json\/wp\/v2\/categories?post=4663"},{"taxonomy":"post_tag","embeddable":true,"href":"https:\/\/www.paribu.com\/blog\/wp-json\/wp\/v2\/tags?post=4663"}],"curies":[{"name":"wp","href":"https:\/\/api.w.org\/{rel}","templated":true}]}}