{"id":4542,"date":"2021-04-06T12:52:22","date_gmt":"2021-04-06T09:52:22","guid":{"rendered":"https:\/\/www.paribu.com\/blog\/?p=4542"},"modified":"2024-09-17T11:06:06","modified_gmt":"2024-09-17T08:06:06","slug":"kripto-para-cikarmak-kolay-teknolojisini-insa-etmek-zor","status":"publish","type":"post","link":"https:\/\/www.paribu.com\/blog\/haberler\/kripto-para-cikarmak-kolay-teknolojisini-insa-etmek-zor\/","title":{"rendered":"\u201cKripto para \u00e7\u0131karmak kolay, teknolojisini in\u015fa etmek zor\u201d"},"content":{"rendered":"<p><strong>&ldquo;Yekta Kopan ile Yar&#305;n&#305;n D&uuml;nyas&#305;&rdquo; Youtube serisinin ikinci b&ouml;l&uuml;m konuklar&#305; Paribu CEO&rsquo;su Yasin Oral ve BloombergHT spikeri G&uuml;zem Y&#305;lmaz Ertem oldu.<\/strong><\/p>\n<p>Yasin Oral&rsquo;&#305;n Paribu&rsquo;yu kurma hikayesiyle ba&#351;layan sohbet, <span class=\"\" title=\"Paribu S&ouml;zl&uuml;k: Kripto para nedir?\" data-mobile-support=\"0\" data-gt-translate-attributes='[{\"attribute\":\"data-cmtooltip\", \"format\":\"html\"}]' tabindex=\"0\" role=\"link\">kripto para<\/span> piyasalar&#305;, ekonomik ve dijital d&ouml;n&uuml;&#351;&uuml;m s&uuml;reci gibi ba&#351;l&#305;klarla devam etti.<\/p>\n<p>Yasin Oral, Paribu&rsquo;nun d&uuml;nden bug&uuml;ne yolculu&#287;undan bahsederken Paribu&rsquo;nun g&uuml;nl&uuml;k <span class=\"\" title=\"Paribu S&ouml;zl&uuml;k: &#304;&#351;lem (transaction) nedir?\" data-mobile-support=\"0\" data-gt-translate-attributes='[{\"attribute\":\"data-cmtooltip\", \"format\":\"html\"}]' tabindex=\"0\" role=\"link\">i&#351;lem<\/span> hacminin 1 milyar dolara ula&#351;t&#305;&#287;&#305;n&#305; belirtti. Geleneksel borsayla k&#305;yasland&#305;&#287;&#305;nda daha kolay i&#351;lem yap&#305;labilmesinin de bu talebi olumlu y&ouml;nde etkilendi&#287;ine de&#287;indi.<\/p>\n<h3><strong>&ldquo;Teknolojiye adaptasyon s&uuml;recimiz h&#305;zl&#305;&rdquo;<\/strong><\/h3>\n<p>Yekta Kopan&rsquo;&#305;n alternatif bankac&#305;l&#305;k &uuml;zerinden &uuml;lkenin de&#287;i&#351;imlere h&#305;zl&#305; adapte oldu&#287;unu dile getirmesi &uuml;zerine Ertem, &ldquo;Biz teknolojiyi kullanan &uuml;lkeyiz, &uuml;reten ve geli&#351;tiren &uuml;lke de&#287;il. Dolay&#305;s&#305;yla fintechte g&ouml;&#287;s&uuml;m&uuml;z&uuml; kabartarak biz buraday&#305;z diyoruz&rdquo; diye konu&#351;tu.<\/p>\n<p>Yasin Oral, &ldquo;Teknolojiye adaptasyon s&uuml;recinin bizde h&#305;zl&#305; oldu&#287;unu her &#351;eyde g&ouml;r&uuml;yoruz, sosyal medyada bile &ouml;yle&rdquo; dedi ve bunu her zaman dile getirdi&#287;inin de alt&#305;n&#305; &ccedil;izdi.<\/p>\n<h3><strong>&ldquo;Kripto para &ccedil;&#305;karmak kolay&rdquo;<\/strong><\/h3>\n<p>Yekta Kopan&rsquo;&#305;n &ldquo;T&uuml;rkiye&rsquo;nin kendine ait bir kripto paras&#305; olur mu?&rdquo; sorusuna kar&#351;&#305;l&#305;k Oral, &ldquo;<a href=\"https:\/\/www.paribu.com\/markets\">Kripto para<\/a> &ccedil;&#305;karmak &ccedil;ok kolay, teknolojisini in&#351;a etmek zor ve &#351;u an bizim yapt&#305;&#287;&#305;m&#305;z bu&rdquo; yan&#305;t&#305;n&#305; verdi.<\/p>\n<p>Pandemi ve onunla birlikte gelen de&#287;i&#351;imin etkilerinden ve devletin piyasayla ilgili reg&uuml;lasyon planlar&#305;ndan bahseden Kopan, &ldquo;Bu de&#287;i&#351;imi nas&#305;l g&ouml;r&uuml;yorsunuz?&rdquo; diye sordu.<\/p>\n<p>Oral, kripto paralar&#305;n insanlar taraf&#305;ndan kabul edilen paralar oldu&#287;unu ve g&uuml;ven oldu&#287;u s&uuml;rece arac&#305;ya ihtiya&ccedil; duymad&#305;klar&#305;n&#305; belirterek &ldquo;G&uuml;ven alan&#305; olu&#351;turulduktan sonra de&#287;i&#351;im, kendi dinamikleri i&ccedil;inde olacakt&#305;r&rdquo; dedi.<\/p>\n<p>Ertem ise, &ldquo;Bence otoriteler buna kar&#351;&#305; &ccedil;&#305;kmak yerine yan&#305;nda olmal&#305;&rdquo; ifadesini kulland&#305;.<\/p>\n<h3><strong>Yar&#305;n&#305;n d&uuml;nyas&#305; nas&#305;l olmal&#305;?<\/strong><\/h3>\n<p>&ldquo;Yar&#305;n&#305;n d&uuml;nyas&#305; nas&#305;l olmal&#305;?&rdquo; diye soran Yekta Kopan&rsquo;a Yasin Oral, &ldquo;Yar&#305;n&#305;n d&uuml;nyas&#305;, finansal olarak herkesin kendi ba&#287;&#305;ms&#305;zl&#305;&#287;&#305;n&#305; edindi&#287;i bir &#351;ekilde olacak&rdquo; dedi. Oral, sevgi ile ho&#351;g&ouml;r&uuml;n&uuml;n de eksik olmamas&#305; gerekti&#287;ine de&#287;indi.<\/p>\n<p><strong>B&ouml;l&uuml;m&uuml;n tamam&#305;n&#305; a&#351;a&#287;&#305;dan izleyebilirsiniz.<\/strong><\/p>\n<p><iframe title=\"YouTube video player\" src=\"https:\/\/www.youtube.com\/embed\/uPLjVYOlQCE\" width=\"560\" height=\"315\" frameborder=\"0\" allowfullscreen=\"allowfullscreen\"><\/iframe><\/p>\n<p>&nbsp;<\/p>\n","protected":false},"excerpt":{"rendered":"<p>&ldquo;Yekta Kopan ile Yar&#305;n&#305;n D&uuml;nyas&#305;&rdquo; Youtube serisinin ikinci b&ouml;l&uuml;m konuklar&#305; Paribu CEO&rsquo;su Yasin Oral ve BloombergHT spikeri G&uuml;zem Y&#305;lmaz Ertem oldu.<\/p>\n","protected":false},"author":1,"featured_media":4543,"comment_status":"closed","ping_status":"closed","sticky":false,"template":"","format":"standard","meta":{"footnotes":""},"categories":[18],"tags":[],"class_list":["post-4542","post","type-post","status-publish","format-standard","has-post-thumbnail","hentry","category-haberler"],"_links":{"self":[{"href":"https:\/\/www.paribu.com\/blog\/wp-json\/wp\/v2\/posts\/4542","targetHints":{"allow":["GET"]}}],"collection":[{"href":"https:\/\/www.paribu.com\/blog\/wp-json\/wp\/v2\/posts"}],"about":[{"href":"https:\/\/www.paribu.com\/blog\/wp-json\/wp\/v2\/types\/post"}],"author":[{"embeddable":true,"href":"https:\/\/www.paribu.com\/blog\/wp-json\/wp\/v2\/users\/1"}],"replies":[{"embeddable":true,"href":"https:\/\/www.paribu.com\/blog\/wp-json\/wp\/v2\/comments?post=4542"}],"version-history":[{"count":0,"href":"https:\/\/www.paribu.com\/blog\/wp-json\/wp\/v2\/posts\/4542\/revisions"}],"wp:featuredmedia":[{"embeddable":true,"href":"https:\/\/www.paribu.com\/blog\/wp-json\/wp\/v2\/media\/4543"}],"wp:attachment":[{"href":"https:\/\/www.paribu.com\/blog\/wp-json\/wp\/v2\/media?parent=4542"}],"wp:term":[{"taxonomy":"category","embeddable":true,"href":"https:\/\/www.paribu.com\/blog\/wp-json\/wp\/v2\/categories?post=4542"},{"taxonomy":"post_tag","embeddable":true,"href":"https:\/\/www.paribu.com\/blog\/wp-json\/wp\/v2\/tags?post=4542"}],"curies":[{"name":"wp","href":"https:\/\/api.w.org\/{rel}","templated":true}]}}