{"id":16055,"date":"2024-08-09T10:55:59","date_gmt":"2024-08-09T07:55:59","guid":{"rendered":"https:\/\/www.paribu.com\/blog\/?p=16055"},"modified":"2024-08-09T13:56:35","modified_gmt":"2024-08-09T10:56:35","slug":"paribu-depremden-etkilenen-genclere-yonelik-projeleri-destekliyor-gelecek-icin-dayanisma-fonu-basvuruya-acildi","status":"publish","type":"post","link":"https:\/\/www.paribu.com\/blog\/haberler\/paribu-depremden-etkilenen-genclere-yonelik-projeleri-destekliyor-gelecek-icin-dayanisma-fonu-basvuruya-acildi\/","title":{"rendered":"Paribu, depremden etkilenen gen\u00e7lere y\u00f6nelik projeleri destekliyor: Gelecek i\u00e7in Dayan\u0131\u015fma Fonu ba\u015fvuruya a\u00e7\u0131ld\u0131"},"content":{"rendered":"<p><span style=\"font-weight: 400;\">Paribu ve Sivil Toplum i&ccedil;in Destek Vakf&#305;&rsquo;n&#305;n 6 &#350;ubat depremlerinden etkilenen gen&ccedil;lerin iyi olma h&acirc;lini desteklemek amac&#305;yla kurdu&#287;u i&#351; birli&#287;i devam ediyor. Konuyla ilgili &ccedil;al&#305;&#351;malar y&uuml;r&uuml;ten sivil toplum kurulu&#351;lar&#305;n&#305;n (STK) projelerini desteklemek i&ccedil;in Gelecek i&ccedil;in Dayan&#305;&#351;ma Fonu bu y&#305;l ikinci kez <\/span><span style=\"font-weight: 400;\">ba&#351;vuruya a&ccedil;&#305;ld&#305;.&nbsp;<\/span><\/p>\n<h3><b>Fona ba&#351;vuracak kurulu&#351;lar hangi alanlarda &ccedil;al&#305;&#351;mal&#305;?<\/b><\/h3>\n<p><span style=\"font-weight: 400;\">8 A&#287;ustos&rsquo;ta ba&#351;vurular&#305; a&ccedil;&#305;lan fondan faydalanmak i&ccedil;in STK&rsquo;lar&#305;n oda&#287;&#305;nda, depremlerden etkilenen ergenlerin ve gen&ccedil;lerin iyi olma halini desteklemeye y&ouml;nelik a&#351;a&#287;&#305;daki yakla&#351;&#305;mlardan en az bir tanesinin yer almas&#305; bekleniyor:&nbsp;<\/span><\/p>\n<ul>\n<li style=\"font-weight: 400;\" aria-level=\"1\"><span style=\"font-weight: 400;\">E&#287;itim hakk&#305;na eri&#351;imin art&#305;r&#305;lmas&#305; ve okul terkinin &ouml;nlenmesi,&nbsp;<\/span><\/li>\n<li style=\"font-weight: 400;\" aria-level=\"1\"><span style=\"font-weight: 400;\">Gen&ccedil;lerin istihdama kat&#305;l&#305;m&#305;n&#305;n desteklenmesi,&nbsp;<\/span><\/li>\n<li style=\"font-weight: 400;\" aria-level=\"1\"><span style=\"font-weight: 400;\">Sa&#287;l&#305;k hizmetlerine eri&#351;imin iyile&#351;tirilmesi,&nbsp;<\/span><\/li>\n<li style=\"font-weight: 400;\" aria-level=\"1\"><span style=\"font-weight: 400;\">G&uuml;venli bar&#305;nma imkanlar&#305;na ula&#351;&#305;m&#305;n sa&#287;lanmas&#305;,&nbsp;<\/span><\/li>\n<li style=\"font-weight: 400;\" aria-level=\"1\"><span style=\"font-weight: 400;\">K&uuml;lt&uuml;r-sanat faaliyetlerine kat&#305;l&#305;m&#305;n art&#305;r&#305;lmas&#305;,&nbsp;<\/span><\/li>\n<li style=\"font-weight: 400;\" aria-level=\"1\"><span style=\"font-weight: 400;\">Spor faaliyetlerine eri&#351;imin kolayla&#351;t&#305;r&#305;lmas&#305;,<\/span><\/li>\n<li style=\"font-weight: 400;\" aria-level=\"1\"><span style=\"font-weight: 400;\">Sosyal hayata kat&#305;l&#305;m&#305;n g&uuml;&ccedil;lendirilmesi.&nbsp;<\/span><\/li>\n<\/ul>\n<h3><b>Hangi kurulu&#351;lar ba&#351;vurabilir?<\/b><\/h3>\n<p><span style=\"font-weight: 400;\">Fona ba&#351;vuran kurulu&#351;lar&#305;n a&#351;a&#287;&#305;daki kriterlere uymas&#305; bekleniyor.&nbsp;<\/span><\/p>\n<ul>\n<li style=\"font-weight: 400;\" aria-level=\"1\"><span style=\"font-weight: 400;\">T&uuml;rkiye&rsquo;de kurulmu&#351; dernekler, vak&#305;flar, &#8203;&#8203;k&acirc;r amac&#305; g&uuml;tmeyen kooperatifler ve di&#287;er k&acirc;r amac&#305; g&uuml;tmeyen kurulu&#351;lar*,<\/span><\/li>\n<li style=\"font-weight: 400;\" aria-level=\"1\"><span style=\"font-weight: 400;\">Proje faaliyetlerinin &ccedil;&#305;k&#305;tlar&#305; ile do&#287;rudan ergenleri ve gen&ccedil;leri hedefleyen kurulu&#351;lar**,<\/span><\/li>\n<li style=\"font-weight: 400;\" aria-level=\"1\"><span style=\"font-weight: 400;\">&#304;lgili alanda deneyim, kurumsal kapasite ve vizyona sahip kurulu&#351;lar,&nbsp;<\/span><\/li>\n<li style=\"font-weight: 400;\" aria-level=\"1\"><span style=\"font-weight: 400;\">Fon kapsam&#305;nda kar&#351;&#305;l&#305;kl&#305; belirlenecek ihtiya&ccedil; alanlar&#305; &uuml;zerinden kapasite g&uuml;&ccedil;lendirme &ccedil;al&#305;&#351;malar&#305;na kat&#305;lmay&#305; taahh&uuml;t eden kurulu&#351;lar.<\/span><\/li>\n<\/ul>\n<p><em><span style=\"font-weight: 400;\">&nbsp;(*) Meslek odalar&#305; ve yard&#305;m kurulu&#351;lar&#305;yla sosyal yard&#305;mla&#351;ma ve dayan&#305;&#351;ma vak&#305;flar&#305; fondan yararlanamazlar. Ba&#351;vuru sahibi kurulu&#351;lar&#305;n di&#287;er &uuml;niversite, &#351;irket, kamu kurumlar&#305; ve yerel y&ouml;netimler, t&uuml;zel ki&#351;ili&#287;e sahip olmayan yap&#305;lar vb. ile i&#351; birli&#287;i yapmalar&#305; m&uuml;mk&uuml;nd&uuml;r ve te&#351;vik edilir. Vak&#305;f &uuml;niversitelerinin uygulama ve ara&#351;t&#305;rma merkezleri ba&#351;vuru yaparken bu merkezlerin b&uuml;t&ccedil;esini iletmeleri beklenir.<\/span><\/em><\/p>\n<p><em><span style=\"font-weight: 400;\">(**) Deprem b&ouml;lgesinde yerle&#351;ik olan ya da bu kurulu&#351;larla ortakl&#305;klar kuran STK&rsquo;lar&#305;n ba&#351;vurular&#305; &ouml;nceliklendirilecektir.<\/span><\/em><\/p>\n<p><span style=\"font-weight: 400;\">Gelecek i&ccedil;in Dayan&#305;&#351;ma Fonu hakk&#305;nda detayl&#305; bilgiye ve ba&#351;vuru formuna <\/span><a href=\"https:\/\/siviltoplumdestek.org\/gelecek-icin-dayanisma-fonu\/\"><span style=\"font-weight: 400;\">buradan<\/span><\/a><span style=\"font-weight: 400;\"> ula&#351;abilirsiniz.<\/span><\/p>\n","protected":false},"excerpt":{"rendered":"<p>Paribu ve Sivil Toplum i&ccedil;in Destek Vakf&#305;&rsquo;n&#305;n 6 &#350;ubat depremlerinden etkilenen gen&ccedil;lerin iyi olma h&acirc;lini desteklemek amac&#305;yla kurdu&#287;u i&#351; birli&#287;i devam ediyor.<\/p>\n","protected":false},"author":1,"featured_media":16056,"comment_status":"closed","ping_status":"closed","sticky":false,"template":"","format":"standard","meta":{"footnotes":""},"categories":[18],"tags":[],"class_list":["post-16055","post","type-post","status-publish","format-standard","has-post-thumbnail","hentry","category-haberler"],"_links":{"self":[{"href":"https:\/\/www.paribu.com\/blog\/wp-json\/wp\/v2\/posts\/16055","targetHints":{"allow":["GET"]}}],"collection":[{"href":"https:\/\/www.paribu.com\/blog\/wp-json\/wp\/v2\/posts"}],"about":[{"href":"https:\/\/www.paribu.com\/blog\/wp-json\/wp\/v2\/types\/post"}],"author":[{"embeddable":true,"href":"https:\/\/www.paribu.com\/blog\/wp-json\/wp\/v2\/users\/1"}],"replies":[{"embeddable":true,"href":"https:\/\/www.paribu.com\/blog\/wp-json\/wp\/v2\/comments?post=16055"}],"version-history":[{"count":0,"href":"https:\/\/www.paribu.com\/blog\/wp-json\/wp\/v2\/posts\/16055\/revisions"}],"wp:featuredmedia":[{"embeddable":true,"href":"https:\/\/www.paribu.com\/blog\/wp-json\/wp\/v2\/media\/16056"}],"wp:attachment":[{"href":"https:\/\/www.paribu.com\/blog\/wp-json\/wp\/v2\/media?parent=16055"}],"wp:term":[{"taxonomy":"category","embeddable":true,"href":"https:\/\/www.paribu.com\/blog\/wp-json\/wp\/v2\/categories?post=16055"},{"taxonomy":"post_tag","embeddable":true,"href":"https:\/\/www.paribu.com\/blog\/wp-json\/wp\/v2\/tags?post=16055"}],"curies":[{"name":"wp","href":"https:\/\/api.w.org\/{rel}","templated":true}]}}