{"id":11618,"date":"2023-04-19T19:24:25","date_gmt":"2023-04-19T16:24:25","guid":{"rendered":"https:\/\/www.paribu.com\/blog\/?p=11618"},"modified":"2023-04-19T19:24:25","modified_gmt":"2023-04-19T16:24:25","slug":"paribu-dunya-sanat-gununde-paydaslariyla-sanatin-iyilestirici-gucunu-konustu","status":"publish","type":"post","link":"https:\/\/www.paribu.com\/blog\/haberler\/paribu-dunya-sanat-gununde-paydaslariyla-sanatin-iyilestirici-gucunu-konustu\/","title":{"rendered":"Paribu, D\u00fcnya Sanat G\u00fcn\u00fc\u2019nde payda\u015flar\u0131yla sanat\u0131n iyile\u015ftirici g\u00fcc\u00fcn\u00fc konu\u015ftu"},"content":{"rendered":"<p style=\"font-weight: 400;\"><strong>Paribu, k&uuml;lt&uuml;r sanat alan&#305;nda i&#351; birli&#287;i i&ccedil;inde oldu&#287;u payda&#351;lar&#305;yla D&uuml;nya Sanat G&uuml;n&uuml;&rsquo;ne &ouml;zel d&uuml;zenledi&#287;i bulu&#351;mada bir araya geldi. Ge&ccedil;ti&#287;imiz sene ilk kez d&uuml;zenlenen bulu&#351;man&#305;n bu y&#305;lki odak noktas&#305;nda afet b&ouml;lgesinde sanat&#305;n deste&#287;iyle yap&#305;labilecek &ccedil;al&#305;&#351;malar yer ald&#305;.<\/strong><\/p>\n<p style=\"font-weight: 400;\">Yekta Kopan&rsquo;&#305;n moderat&ouml;rl&uuml;&#287;&uuml;n&uuml; &uuml;stlendi&#287;i bulu&#351;mada Yasin Oral, G&ouml;rg&uuml;n Taner, Mert F&#305;rat, Esra &Ouml;zkan, Gizem Gezeno&#287;lu ve T&uuml;lin &Ouml;zen; sanat&#305;n iyile&#351;tirici, b&uuml;t&uuml;nle&#351;tirici ve d&ouml;n&uuml;&#351;t&uuml;r&uuml;c&uuml; etkisi &uuml;zerine konu&#351;tu.<\/p>\n<p style=\"font-weight: 400;\">Sohbet sonunda Paribu&rsquo;nun ofisinde yer alan fiziksel ve dijital sanat eserlerini tan&#305;mak &uuml;zere, K&uuml;rat&ouml;r Beg&uuml;m G&uuml;ney&rsquo;in anlat&#305;m&#305;yla bir tur d&uuml;zenlendi. &ldquo;Paribu Sanat Haf&#305;zas&#305;&rdquo; ad&#305; verilen proje kapsam&#305;nda &ouml;zellikle gen&ccedil; sanat&ccedil;&#305;lara ait sanat eserleri, ofisin muhtelif yerlerinde sergileniyor ve belli d&ouml;nemlerde yeni eserlerin de dahil olmas&#305; planlan&#305;yor.<\/p>\n<h3 style=\"font-weight: 400;\"><strong>&ldquo;Sanat&#305;, kimyam&#305;zda oldu&#287;u i&ccedil;in destekliyoruz&rdquo;<\/strong><\/h3>\n<p style=\"font-weight: 400;\">Paribu&rsquo;nun k&uuml;lt&uuml;r sanata verdi&#287;i desteklerde afet b&ouml;lgelerinde fayda sa&#287;lamaya y&ouml;nelik &ccedil;al&#305;&#351;malar&#305; oda&#287;&#305;na ald&#305;&#287;&#305;n&#305; belirten Yasin Oral, sanata neden destek verdiklerini &#351;u s&ouml;zlerle aktard&#305;: &ldquo;Sanata destek vermeyi mutlak bir nedenle de&#287;il; sanat&#305;, kimyam&#305;zda oldu&#287;u ve sevdi&#287;imiz i&ccedil;in destekliyoruz. Bunu uzun y&#305;llar devam ettirece&#287;iz. Bu y&#305;l g&uuml;ndemimizde afet b&ouml;lgelerine y&ouml;nelik destek &ccedil;al&#305;&#351;malar&#305; yer al&#305;yor. Odak noktam&#305;za k&uuml;lt&uuml;r sanat&#305;n iyile&#351;tirici g&uuml;c&uuml;n&uuml; alarak neler yapabilece&#287;imizi konu&#351;mak &uuml;zere, payda&#351;lar&#305;m&#305;zla bir araya geldik.&rdquo;<\/p>\n<p style=\"font-weight: 400;\">Afetin ilk g&uuml;n&uuml;nden beri Paribu&rsquo;nun deprem b&ouml;lgesinde oldu&#287;unu s&ouml;yleyen Yasin Oral, &#304;htiya&ccedil; Haritas&#305; ile yapt&#305;klar&#305; ve planlad&#305;klar&#305; &ccedil;al&#305;&#351;malara de&#287;indi. Sanat&#305;n iyile&#351;tirici g&uuml;c&uuml;ne y&ouml;nelik &ccedil;al&#305;&#351;malar i&ccedil;inse; &ldquo;Bug&uuml;ne dek acil ihtiya&ccedil;lar&#305; kar&#351;&#305;lad&#305;k ama bundan b&ouml;yle duygusal &ccedil;&ouml;z&uuml;mler i&ccedil;in de &ccedil;aba g&ouml;stermemiz gerekti&#287;ini d&uuml;&#351;&uuml;n&uuml;yoruz&rdquo; yorumunu yapt&#305;.<\/p>\n<h3 style=\"font-weight: 400;\"><strong>&ldquo;Sanat&#305;n iyile&#351;tirici, b&uuml;t&uuml;nle&#351;tirici ve d&ouml;n&uuml;&#351;t&uuml;r&uuml;c&uuml; etkisini daha &ccedil;ok kullanmal&#305;y&#305;z&rdquo;<\/strong><\/h3>\n<p style=\"font-weight: 400;\">&#304;KSV Genel M&uuml;d&uuml;r&uuml; G&ouml;rg&uuml;n Taner, b&ouml;lgede sanat e&#287;itimi alan &ouml;&#287;rencilerle, enstr&uuml;man&#305;n&#305; yitiren m&uuml;zisyenler i&ccedil;in yaratt&#305;&#287;&#305; ve Paribu&rsquo;nun da destekledi&#287;i &#304;KSV Enstr&uuml;man Fonu&rsquo;ndan bahsetti.<\/p>\n<p style=\"font-weight: 400;\">B&ouml;lgedeki insanlar&#305;n dinlenmesi ve beklentilerinin anla&#351;&#305;lmas&#305; gerekti&#287;inin alt&#305;n&#305; &ccedil;izen Taner; &ldquo;Sanat&#305;n iyile&#351;tirici, b&uuml;t&uuml;nle&#351;tirici ve d&ouml;n&uuml;&#351;t&uuml;r&uuml;c&uuml; etkisini daha &ccedil;ok kullanmal&#305;y&#305;z&rdquo; dedi.<\/p>\n<h3 style=\"font-weight: 400;\"><strong>&ldquo;Spor, k&uuml;lt&uuml;r ve sanat kritik &ouml;neme sahip olacak&rdquo;<\/strong><\/h3>\n<p style=\"font-weight: 400;\">&#304;lk g&uuml;nden beri kurucusu oldu&#287;u &#304;htiya&ccedil; Haritas&#305; ile afet b&ouml;lgesinde faaliyet g&ouml;steren Mert F&#305;rat, &#304;htiya&ccedil; Haritas&#305; ve DasDas &ccedil;at&#305;s&#305; alt&#305;nda y&uuml;r&uuml;tlen ve planlanan &ccedil;al&#305;&#351;malara de&#287;indi.<\/p>\n<p style=\"font-weight: 400;\">Deprem b&ouml;lgesinde ya&#351;ayan sahne sanat&ccedil;&#305;lar&#305;n&#305;n, kurumlarda ya da i&#351;letmelerde kay&#305;tlar&#305;n&#305;n bulunmad&#305;&#287;&#305;n&#305; belirten F&#305;rat, &#304;htiya&ccedil; Haritas&#305;&rsquo;n&#305;n Gaziantep ve Kahramanmara&#351;&rsquo;&#305; kararg&acirc;h olarak belirleyip oradan di&#287;er &#351;ehirlere yard&#305;m sa&#287;lad&#305;&#287;&#305;n&#305; aktard&#305;. 40 binden fazla g&ouml;n&uuml;ll&uuml;n&uuml;n deprem b&ouml;lgesine ula&#351;mas&#305;na ve konteyner merkezlerine verdikleri desteklere de de&#287;indi.<\/p>\n<p style=\"font-weight: 400;\">Bununla birlikte b&ouml;lgede temel ihtiya&ccedil;lar&#305;n kar&#351;&#305;lanmas&#305;n&#305;n yan&#305; s&#305;ra; insanlar&#305;n kendilerini iyi hissedebilmesi ve sanat&#305;n iyile&#351;tirici g&uuml;c&uuml;n&uuml;n devreye girebilmesi i&ccedil;in bu alanlara destek sa&#287;lanmas&#305; gerekti&#287;ini belirtti. Konuyla ilgili olarak F&#305;rat &#351;unlar&#305; s&ouml;yledi: &ldquo;&#350;u anki oda&#287;&#305;m&#305;z yerel k&uuml;lt&uuml;r sanat faaliyetlerini desteklemek ve tabii ki koordinasyon sa&#287;lamak. B&ouml;lge halk&#305; taraf&#305;ndan kullan&#305;labilecek faaliyet alanlar&#305; yaratmak hedeflerimiz aras&#305;nda yer al&#305;yor. Spor, k&uuml;lt&uuml;r ve sanat, bu ya&#351;am alanlar&#305;nda kritik bir &ouml;neme sahip olacak.&rdquo;<\/p>\n<h3 style=\"font-weight: 400;\"><strong>&Ccedil;ocuklar&#305;n geli&#351;imi i&ccedil;in sanat ve teknoloji gerekli<\/strong><\/h3>\n<p style=\"font-weight: 400;\">Deprem b&ouml;lgesine teknoloji ekipmanlar&#305;n&#305;n ula&#351;t&#305;r&#305;lmas&#305; konusunda ya&#351;anan sorunlara de&#287;inen Esra &Ouml;zkan, b&ouml;lgedeki &ccedil;ocuklar&#305;n, geli&#351;imleri i&ccedil;in teknoloji ve sanat ile bir araya gelmesi gerekti&#287;ine olan inanc&#305;ndan bahsetti. &nbsp;Konuyla ilgili &#351;u ifadeleri kulland&#305;: &ldquo;Teknoloji de sanat da var tabii ki sistem de var ama bunun sanattaki birle&#351;imi yok. Ve e&#287;er buradaki &ccedil;ocuklarla gen&ccedil;ler k&uuml;&ccedil;&uuml;k ya&#351;larda teknoloji ve sanata ula&#351;amazsa bir &#351;eyler &uuml;retemezler. Bilgisayara yak&#305;nla&#351;mazsa bu &ccedil;ocuklar nas&#305;l gelece&#287;in m&uuml;hendisi olabilir?&rdquo;<\/p>\n<p style=\"font-weight: 400;\">Di&#287;er isimlerle benzer &#351;ekilde sanat&#305;n, temel ihtiya&ccedil;lar&#305;n ard&#305;ndan gelen bir ihtiya&ccedil; oldu&#287;una de&#287;inen Gizem Gezeno&#287;lu; &ldquo;Sanat, insanlar i&ccedil;in bir ihtiya&ccedil;. Sanat&#305;n iyile&#351;tirici g&uuml;c&uuml;, b&ouml;lgede bulunan dezavantajl&#305; gruplar&#305; hayata d&ouml;nd&uuml;rmeye etki edecek&rdquo; c&uuml;mleleriyle g&ouml;r&uuml;&#351;lerini dile getirdi. Uzun vadeli bir s&uuml;re&ccedil; olsa dahi, sanat&#305; da i&#351;in i&ccedil;ine katarak b&ouml;lgede iyile&#351;me sa&#287;lanaca&#287;&#305;n&#305; belirtti.<\/p>\n<p style=\"font-weight: 400;\">\n<\/p>","protected":false},"excerpt":{"rendered":"<p>Paribu, k&uuml;lt&uuml;r sanat alan&#305;nda i&#351; birli&#287;i i&ccedil;inde oldu&#287;u payda&#351;lar&#305;yla D&uuml;nya Sanat G&uuml;n&uuml;&rsquo;ne &ouml;zel d&uuml;zenledi&#287;i bulu&#351;mada bir araya geldi. Ge&ccedil;ti&#287;imiz sene ilk kez d&uuml;zenlenen bulu&#351;man&#305;n bu y&#305;lki odak noktas&#305;nda afet b&ouml;lgesinde sanat&#305;n deste&#287;iyle yap&#305;labilecek &ccedil;al&#305;&#351;malar yer ald&#305;.<\/p>\n","protected":false},"author":1,"featured_media":11619,"comment_status":"closed","ping_status":"closed","sticky":false,"template":"","format":"standard","meta":{"footnotes":""},"categories":[18],"tags":[],"class_list":["post-11618","post","type-post","status-publish","format-standard","has-post-thumbnail","hentry","category-haberler"],"_links":{"self":[{"href":"https:\/\/www.paribu.com\/blog\/wp-json\/wp\/v2\/posts\/11618","targetHints":{"allow":["GET"]}}],"collection":[{"href":"https:\/\/www.paribu.com\/blog\/wp-json\/wp\/v2\/posts"}],"about":[{"href":"https:\/\/www.paribu.com\/blog\/wp-json\/wp\/v2\/types\/post"}],"author":[{"embeddable":true,"href":"https:\/\/www.paribu.com\/blog\/wp-json\/wp\/v2\/users\/1"}],"replies":[{"embeddable":true,"href":"https:\/\/www.paribu.com\/blog\/wp-json\/wp\/v2\/comments?post=11618"}],"version-history":[{"count":0,"href":"https:\/\/www.paribu.com\/blog\/wp-json\/wp\/v2\/posts\/11618\/revisions"}],"wp:featuredmedia":[{"embeddable":true,"href":"https:\/\/www.paribu.com\/blog\/wp-json\/wp\/v2\/media\/11619"}],"wp:attachment":[{"href":"https:\/\/www.paribu.com\/blog\/wp-json\/wp\/v2\/media?parent=11618"}],"wp:term":[{"taxonomy":"category","embeddable":true,"href":"https:\/\/www.paribu.com\/blog\/wp-json\/wp\/v2\/categories?post=11618"},{"taxonomy":"post_tag","embeddable":true,"href":"https:\/\/www.paribu.com\/blog\/wp-json\/wp\/v2\/tags?post=11618"}],"curies":[{"name":"wp","href":"https:\/\/api.w.org\/{rel}","templated":true}]}}