{"id":11312,"date":"2023-03-17T17:29:35","date_gmt":"2023-03-17T14:29:35","guid":{"rendered":"https:\/\/www.paribu.com\/blog\/?p=11312"},"modified":"2023-03-17T17:29:35","modified_gmt":"2023-03-17T14:29:35","slug":"bade-karakoc-seyircilerle-etkilesim-halinde-olmayi-tattigim-an-muzisyen-olmaya-karar-verdim","status":"publish","type":"post","link":"https:\/\/www.paribu.com\/blog\/haberler\/bade-karakoc-seyircilerle-etkilesim-halinde-olmayi-tattigim-an-muzisyen-olmaya-karar-verdim\/","title":{"rendered":"Bade Karako\u00e7: &#8220;Seyircilerle etkile\u015fim h\u00e2linde olmay\u0131 tatt\u0131\u011f\u0131m an m\u00fczisyen olmaya karar verdim&#8221;"},"content":{"rendered":"<p style=\"font-weight: 400;\"><strong>Paribu sponsorlu&#287;unda haz&#305;rlanan Yekta Kopan ile Yar&#305;n&#305;n D&uuml;nyas&#305;&rsquo;n&#305;n &uuml;&ccedil;&uuml;nc&uuml; sezonu devam ediyor. Kopan&rsquo;&#305;n yeni b&ouml;l&uuml;mde konu&#287;u m&uuml;zisyen Bade Karako&ccedil; oldu.<\/strong><\/p>\n<p style=\"font-weight: 400;\">Karako&ccedil;, m&uuml;zik yar&#305;&#351;mas&#305;yla ba&#351;layan kariyerindeki k&#305;r&#305;lma noktalar&#305;n&#305;, e&#287;itim hayat&#305;n&#305; ve hik&acirc;yesini Yekta Kopan ile payla&#351;t&#305;.<\/p>\n<p style=\"font-weight: 400;\">&#304;lk kat&#305;ld&#305;&#287;&#305;nda elenmesinin ard&#305;ndan gelen davetle ikinci defa kat&#305;l&#305;p birincilikle tamamlad&#305;&#287;&#305; &ldquo;O Ses &Ccedil;ocuklar&rdquo; yar&#305;&#351;mas&#305;n&#305;n s&uuml;recini anlatan Karako&ccedil;, &ldquo;Seyircilerle etkile&#351;im h&acirc;linde olmay&#305; tatt&#305;&#287;&#305;m an m&uuml;zisyen olmaya karar verdim&rdquo; diyerek m&uuml;zisyenli&#287;e karar verdi&#287;i an&#305; payla&#351;t&#305;.<\/p>\n<h3 style=\"font-weight: 400;\">&ldquo;Pandemide &uuml;retkenli&#287;im artt&#305;&rdquo;<\/h3>\n<p style=\"font-weight: 400;\">Karako&ccedil;, yar&#305;&#351;man&#305;n ard&#305;ndan gitti&#287;i Berkeley &Uuml;niversitesi&rsquo;ndeki ald&#305;&#287;&#305; e&#287;itimin ve New York&rsquo;ta sahne ald&#305;&#287;&#305; mek&acirc;ndaki deneyiminin k&#305;r&#305;lma noktas&#305; oldu&#287;undan bahsetti. Pandemiyle birlikte &uuml;lkeye d&ouml;nen Karako&ccedil;, &ldquo;Pandemide &uuml;retkenli&#287;im artt&#305; ve EP&rsquo;yi de bu d&ouml;nemde &ccedil;&#305;kard&#305;m&rdquo; dedi.<\/p>\n<h3 style=\"font-weight: 400;\">&ldquo;Kenan Do&#287;ulu&rsquo;nun hayat&#305;mdaki de&#287;eri inan&#305;lmaz&rdquo;<\/h3>\n<p style=\"font-weight: 400;\">&#350;ark&#305;lar&#305;n&#305;n st&uuml;dyodaki ham kayd&#305;n&#305; daha &ccedil;ok sevdi&#287;ini s&ouml;yleyen Karako&ccedil;, &ldquo;Bu sayede &#351;ark&#305;n&#305;n duygusunun dinleyiciye daha iyi ge&ccedil;ti&#287;ine inan&#305;yorum&rdquo; dedi. M&uuml;zi&#287;e yakla&#351;&#305;m&#305;n&#305; en iyi g&ouml;steren ve misyonunu tamamlayan bir tarz oldu&#287;unun da alt&#305;n&#305; &ccedil;izdi.<\/p>\n<p style=\"font-weight: 400;\">Kay&#305;t s&uuml;recini anlat&#305;rken prod&uuml;kt&ouml;r&uuml; Kenan Do&#287;ulu&rsquo;dan da bahseden Karako&ccedil;, &ldquo;Onun hayat&#305;mdaki de&#287;eri inan&#305;lmaz&rdquo; dedi. Do&#287;ulu&rsquo;yu yaln&#305;zca prod&uuml;kt&ouml;r olarak de&#287;il; abi, mentor ve aileden biri olarak g&ouml;rd&uuml;&#287;&uuml;n&uuml; belirtti.<\/p>\n<p style=\"font-weight: 400;\">Bade Karako&ccedil;&rsquo;un &ccedil;al&#305;&#351;mak ve dinlemek istedi&#287;i m&uuml;zisyenlerden, yapmak istedi&#287;i projelere kadar pek &ccedil;ok &#351;eyi anlatt&#305;&#287;&#305; program&#305;n tamam&#305;n&#305; Paribu&rsquo;nun YouTube kanal&#305;ndan izleyebilirsiniz.<\/p>\n<p><iframe title=\"YouTube video player\" src=\"https:\/\/www.youtube.com\/embed\/IHY7vkhJ-n8\" width=\"560\" height=\"315\" frameborder=\"0\" allowfullscreen=\"allowfullscreen\"><\/iframe><\/p>\n","protected":false},"excerpt":{"rendered":"<p>Paribu sponsorlu&#287;unda haz&#305;rlanan Yekta Kopan ile Yar&#305;n&#305;n D&uuml;nyas&#305;&rsquo;n&#305;n &uuml;&ccedil;&uuml;nc&uuml; sezonu devam ediyor. Kopan&rsquo;&#305;n yeni b&ouml;l&uuml;mde konu&#287;u m&uuml;zisyen Bade Karako&ccedil; oldu.<\/p>\n","protected":false},"author":1,"featured_media":11313,"comment_status":"closed","ping_status":"closed","sticky":false,"template":"","format":"standard","meta":{"footnotes":""},"categories":[18],"tags":[],"class_list":["post-11312","post","type-post","status-publish","format-standard","has-post-thumbnail","hentry","category-haberler"],"_links":{"self":[{"href":"https:\/\/www.paribu.com\/blog\/wp-json\/wp\/v2\/posts\/11312","targetHints":{"allow":["GET"]}}],"collection":[{"href":"https:\/\/www.paribu.com\/blog\/wp-json\/wp\/v2\/posts"}],"about":[{"href":"https:\/\/www.paribu.com\/blog\/wp-json\/wp\/v2\/types\/post"}],"author":[{"embeddable":true,"href":"https:\/\/www.paribu.com\/blog\/wp-json\/wp\/v2\/users\/1"}],"replies":[{"embeddable":true,"href":"https:\/\/www.paribu.com\/blog\/wp-json\/wp\/v2\/comments?post=11312"}],"version-history":[{"count":0,"href":"https:\/\/www.paribu.com\/blog\/wp-json\/wp\/v2\/posts\/11312\/revisions"}],"wp:featuredmedia":[{"embeddable":true,"href":"https:\/\/www.paribu.com\/blog\/wp-json\/wp\/v2\/media\/11313"}],"wp:attachment":[{"href":"https:\/\/www.paribu.com\/blog\/wp-json\/wp\/v2\/media?parent=11312"}],"wp:term":[{"taxonomy":"category","embeddable":true,"href":"https:\/\/www.paribu.com\/blog\/wp-json\/wp\/v2\/categories?post=11312"},{"taxonomy":"post_tag","embeddable":true,"href":"https:\/\/www.paribu.com\/blog\/wp-json\/wp\/v2\/tags?post=11312"}],"curies":[{"name":"wp","href":"https:\/\/api.w.org\/{rel}","templated":true}]}}